{"id":4399,"date":"2026-01-12T08:37:56","date_gmt":"2026-01-12T07:37:56","guid":{"rendered":"https:\/\/mafpump.se\/?p=4399"},"modified":"2026-02-06T08:56:00","modified_gmt":"2026-02-06T07:56:00","slug":"maf-pump-ab-establishes-itself-in-upplands-vasby","status":"publish","type":"post","link":"https:\/\/mafpump.se\/en\/maf-pump-ab-etablerar-sig-i-upplands-vasby\/","title":{"rendered":"MAF Pump AB establishes itself in Upplands V\u00e4sby"},"content":{"rendered":"<p>After New Year we have opened <strong>new premises in Upplands V\u00e4sby<\/strong> thereby strengthening our presence in the region.<\/p>\n\n\n\n<p>From here we offer <strong>local service of pumps<\/strong>, <strong>sales<\/strong>, <strong>technical support<\/strong> and <strong>spare parts<\/strong> - all to be even closer to our customers and be able to act faster.<\/p>\n\n\n\n<p>We look forward to new partnerships in the region.<\/p>\n\n\n\n<p>#MAFPump #UpplandsV\u00e4sby #nyetablering #pumpar #service #teknisksupport<\/p>\n\n\n\n<p><\/p>","protected":false},"excerpt":{"rendered":"<p>Efter ny\u00e5r har vi \u00f6ppnat nya lokaler i Upplands V\u00e4sby och st\u00e4rker d\u00e4rmed v\u00e5r n\u00e4rvaro i regionen. H\u00e4rifr\u00e5n erbjuder vi lokal service av pumpar, f\u00f6rs\u00e4ljning, teknisk support och reservdelar \u2013 allt f\u00f6r att vara \u00e4nnu n\u00e4rmare v\u00e5ra kunder och kunna agera snabbare. Vi ser fram emot nya samarbeten i regionen. #MAFPump #UpplandsV\u00e4sby #nyetablering #pumpar #service [&hellip;]<\/p>\n","protected":false},"author":3,"featured_media":4398,"comment_status":"closed","ping_status":"closed","sticky":false,"template":"","format":"standard","meta":{"_acf_changed":false,"_monsterinsights_skip_tracking":false,"_monsterinsights_sitenote_active":false,"_monsterinsights_sitenote_note":"","_monsterinsights_sitenote_category":0,"footnotes":""},"categories":[4],"tags":[],"class_list":["post-4399","post","type-post","status-publish","format-standard","has-post-thumbnail","hentry","category-nyheter"],"acf":[],"yoast_head":"<!-- This site is optimized with the Yoast SEO plugin v27.2 - https:\/\/yoast.com\/product\/yoast-seo-wordpress\/ -->\n<title>MAF Pump AB etablerar sig i Upplands V\u00e4sby | MAF Pump\u00ae<\/title>\n<meta name=\"description\" content=\"Vi finns nu i Upplands V\u00e4sby. H\u00e4rifr\u00e5n erbjuder vi lokal service av pumpar, f\u00f6rs\u00e4ljning, teknisk support och reservdelar.\" \/>\n<meta name=\"robots\" content=\"index, follow, max-snippet:-1, max-image-preview:large, max-video-preview:-1\" \/>\n<link rel=\"canonical\" href=\"https:\/\/mafpump.se\/en\/maf-pump-ab-establishes-itself-in-upplands-vasby\/\" \/>\n<meta property=\"og:locale\" content=\"en_GB\" \/>\n<meta property=\"og:type\" content=\"article\" \/>\n<meta property=\"og:title\" content=\"MAF Pump AB etablerar sig i Upplands V\u00e4sby | MAF Pump\u00ae\" \/>\n<meta property=\"og:description\" content=\"Vi finns nu i Upplands V\u00e4sby. H\u00e4rifr\u00e5n erbjuder vi lokal service av pumpar, f\u00f6rs\u00e4ljning, teknisk support och reservdelar.\" \/>\n<meta property=\"og:url\" content=\"https:\/\/mafpump.se\/en\/maf-pump-ab-establishes-itself-in-upplands-vasby\/\" \/>\n<meta property=\"og:site_name\" content=\"Mafpump\" \/>\n<meta property=\"article:published_time\" content=\"2026-01-12T07:37:56+00:00\" \/>\n<meta property=\"article:modified_time\" content=\"2026-02-06T07:56:00+00:00\" \/>\n<meta property=\"og:image\" content=\"https:\/\/mafpump.se\/wp-content\/uploads\/2026\/01\/Utsida.jpg\" \/>\n\t<meta property=\"og:image:width\" content=\"1912\" \/>\n\t<meta property=\"og:image:height\" content=\"1996\" \/>\n\t<meta property=\"og:image:type\" content=\"image\/jpeg\" \/>\n<meta name=\"author\" content=\"Peter Ahlb\u00e4ck\" \/>\n<meta name=\"twitter:card\" content=\"summary_large_image\" \/>\n<meta name=\"twitter:label1\" content=\"Written by\" \/>\n\t<meta name=\"twitter:data1\" content=\"Peter Ahlb\u00e4ck\" \/>\n\t<meta name=\"twitter:label2\" content=\"Estimated reading time\" \/>\n\t<meta name=\"twitter:data2\" content=\"1 minute\" \/>\n<script type=\"application\/ld+json\" class=\"yoast-schema-graph\">{\"@context\":\"https:\/\/schema.org\",\"@graph\":[{\"@type\":\"Article\",\"@id\":\"https:\/\/mafpump.se\/maf-pump-ab-etablerar-sig-i-upplands-vasby\/#article\",\"isPartOf\":{\"@id\":\"https:\/\/mafpump.se\/maf-pump-ab-etablerar-sig-i-upplands-vasby\/\"},\"author\":{\"name\":\"Peter Ahlb\u00e4ck\",\"@id\":\"https:\/\/mafpump.se\/#\/schema\/person\/292c5a69e8ad3a37a7e135458bb77221\"},\"headline\":\"MAF Pump AB etablerar sig i Upplands V\u00e4sby\",\"datePublished\":\"2026-01-12T07:37:56+00:00\",\"dateModified\":\"2026-02-06T07:56:00+00:00\",\"mainEntityOfPage\":{\"@id\":\"https:\/\/mafpump.se\/maf-pump-ab-etablerar-sig-i-upplands-vasby\/\"},\"wordCount\":78,\"publisher\":{\"@id\":\"https:\/\/mafpump.se\/#organization\"},\"image\":{\"@id\":\"https:\/\/mafpump.se\/maf-pump-ab-etablerar-sig-i-upplands-vasby\/#primaryimage\"},\"thumbnailUrl\":\"https:\/\/mafpump.se\/wp-content\/uploads\/2026\/01\/Utsida.jpg\",\"articleSection\":[\"Nyheter\"],\"inLanguage\":\"en-GB\"},{\"@type\":\"WebPage\",\"@id\":\"https:\/\/mafpump.se\/maf-pump-ab-etablerar-sig-i-upplands-vasby\/\",\"url\":\"https:\/\/mafpump.se\/maf-pump-ab-etablerar-sig-i-upplands-vasby\/\",\"name\":\"MAF Pump AB etablerar sig i Upplands V\u00e4sby | MAF Pump\u00ae\",\"isPartOf\":{\"@id\":\"https:\/\/mafpump.se\/#website\"},\"primaryImageOfPage\":{\"@id\":\"https:\/\/mafpump.se\/maf-pump-ab-etablerar-sig-i-upplands-vasby\/#primaryimage\"},\"image\":{\"@id\":\"https:\/\/mafpump.se\/maf-pump-ab-etablerar-sig-i-upplands-vasby\/#primaryimage\"},\"thumbnailUrl\":\"https:\/\/mafpump.se\/wp-content\/uploads\/2026\/01\/Utsida.jpg\",\"datePublished\":\"2026-01-12T07:37:56+00:00\",\"dateModified\":\"2026-02-06T07:56:00+00:00\",\"description\":\"Vi finns nu i Upplands V\u00e4sby. H\u00e4rifr\u00e5n erbjuder vi lokal service av pumpar, f\u00f6rs\u00e4ljning, teknisk support och reservdelar.\",\"breadcrumb\":{\"@id\":\"https:\/\/mafpump.se\/maf-pump-ab-etablerar-sig-i-upplands-vasby\/#breadcrumb\"},\"inLanguage\":\"en-GB\",\"potentialAction\":[{\"@type\":\"ReadAction\",\"target\":[\"https:\/\/mafpump.se\/maf-pump-ab-etablerar-sig-i-upplands-vasby\/\"]}]},{\"@type\":\"ImageObject\",\"inLanguage\":\"en-GB\",\"@id\":\"https:\/\/mafpump.se\/maf-pump-ab-etablerar-sig-i-upplands-vasby\/#primaryimage\",\"url\":\"https:\/\/mafpump.se\/wp-content\/uploads\/2026\/01\/Utsida.jpg\",\"contentUrl\":\"https:\/\/mafpump.se\/wp-content\/uploads\/2026\/01\/Utsida.jpg\",\"width\":1912,\"height\":1996,\"caption\":\"MAF \u00f6ppnar nya lokaler i Upplands V\u00e4sby\"},{\"@type\":\"BreadcrumbList\",\"@id\":\"https:\/\/mafpump.se\/maf-pump-ab-etablerar-sig-i-upplands-vasby\/#breadcrumb\",\"itemListElement\":[{\"@type\":\"ListItem\",\"position\":1,\"name\":\"Hem\",\"item\":\"https:\/\/mafpump.se\/\"},{\"@type\":\"ListItem\",\"position\":2,\"name\":\"MAF Pump AB etablerar sig i Upplands V\u00e4sby\"}]},{\"@type\":\"WebSite\",\"@id\":\"https:\/\/mafpump.se\/#website\",\"url\":\"https:\/\/mafpump.se\/\",\"name\":\"MAF Pump\",\"description\":\"Vi pumpar Sverige fram\u00e5t\",\"publisher\":{\"@id\":\"https:\/\/mafpump.se\/#organization\"},\"potentialAction\":[{\"@type\":\"SearchAction\",\"target\":{\"@type\":\"EntryPoint\",\"urlTemplate\":\"https:\/\/mafpump.se\/?s={search_term_string}\"},\"query-input\":{\"@type\":\"PropertyValueSpecification\",\"valueRequired\":true,\"valueName\":\"search_term_string\"}}],\"inLanguage\":\"en-GB\"},{\"@type\":\"Organization\",\"@id\":\"https:\/\/mafpump.se\/#organization\",\"name\":\"MAF Pump\",\"url\":\"https:\/\/mafpump.se\/\",\"logo\":{\"@type\":\"ImageObject\",\"inLanguage\":\"en-GB\",\"@id\":\"https:\/\/mafpump.se\/#\/schema\/logo\/image\/\",\"url\":\"https:\/\/mafpump.se\/wp-content\/uploads\/2019\/12\/mafpump-logo.png\",\"contentUrl\":\"https:\/\/mafpump.se\/wp-content\/uploads\/2019\/12\/mafpump-logo.png\",\"width\":415,\"height\":251,\"caption\":\"MAF Pump\"},\"image\":{\"@id\":\"https:\/\/mafpump.se\/#\/schema\/logo\/image\/\"}},{\"@type\":\"Person\",\"@id\":\"https:\/\/mafpump.se\/#\/schema\/person\/292c5a69e8ad3a37a7e135458bb77221\",\"name\":\"Peter Ahlb\u00e4ck\",\"image\":{\"@type\":\"ImageObject\",\"inLanguage\":\"en-GB\",\"@id\":\"https:\/\/secure.gravatar.com\/avatar\/b0692295becd32f89a72c961367578783fe92afc1ea53742b14b2e8a760fd930?s=96&d=mm&r=g\",\"url\":\"https:\/\/secure.gravatar.com\/avatar\/b0692295becd32f89a72c961367578783fe92afc1ea53742b14b2e8a760fd930?s=96&d=mm&r=g\",\"contentUrl\":\"https:\/\/secure.gravatar.com\/avatar\/b0692295becd32f89a72c961367578783fe92afc1ea53742b14b2e8a760fd930?s=96&d=mm&r=g\",\"caption\":\"Peter Ahlb\u00e4ck\"}}]}<\/script>\n<!-- \/ Yoast SEO plugin. -->","yoast_head_json":{"title":"MAF Pump AB establishes itself in Upplands V\u00e4sby | MAF Pump\u00ae","description":"We are now located in Upplands V\u00e4sby. From here we offer local service of pumps, sales, technical support and spare parts.","robots":{"index":"index","follow":"follow","max-snippet":"max-snippet:-1","max-image-preview":"max-image-preview:large","max-video-preview":"max-video-preview:-1"},"canonical":"https:\/\/mafpump.se\/en\/maf-pump-ab-establishes-itself-in-upplands-vasby\/","og_locale":"en_GB","og_type":"article","og_title":"MAF Pump AB etablerar sig i Upplands V\u00e4sby | MAF Pump\u00ae","og_description":"Vi finns nu i Upplands V\u00e4sby. H\u00e4rifr\u00e5n erbjuder vi lokal service av pumpar, f\u00f6rs\u00e4ljning, teknisk support och reservdelar.","og_url":"https:\/\/mafpump.se\/en\/maf-pump-ab-establishes-itself-in-upplands-vasby\/","og_site_name":"Mafpump","article_published_time":"2026-01-12T07:37:56+00:00","article_modified_time":"2026-02-06T07:56:00+00:00","og_image":[{"width":1912,"height":1996,"url":"https:\/\/mafpump.se\/wp-content\/uploads\/2026\/01\/Utsida.jpg","type":"image\/jpeg"}],"author":"Peter Ahlb\u00e4ck","twitter_card":"summary_large_image","twitter_misc":{"Written by":"Peter Ahlb\u00e4ck","Estimated reading time":"1 minute"},"schema":{"@context":"https:\/\/schema.org","@graph":[{"@type":"Article","@id":"https:\/\/mafpump.se\/maf-pump-ab-etablerar-sig-i-upplands-vasby\/#article","isPartOf":{"@id":"https:\/\/mafpump.se\/maf-pump-ab-etablerar-sig-i-upplands-vasby\/"},"author":{"name":"Peter Ahlb\u00e4ck","@id":"https:\/\/mafpump.se\/#\/schema\/person\/292c5a69e8ad3a37a7e135458bb77221"},"headline":"MAF Pump AB etablerar sig i Upplands V\u00e4sby","datePublished":"2026-01-12T07:37:56+00:00","dateModified":"2026-02-06T07:56:00+00:00","mainEntityOfPage":{"@id":"https:\/\/mafpump.se\/maf-pump-ab-etablerar-sig-i-upplands-vasby\/"},"wordCount":78,"publisher":{"@id":"https:\/\/mafpump.se\/#organization"},"image":{"@id":"https:\/\/mafpump.se\/maf-pump-ab-etablerar-sig-i-upplands-vasby\/#primaryimage"},"thumbnailUrl":"https:\/\/mafpump.se\/wp-content\/uploads\/2026\/01\/Utsida.jpg","articleSection":["Nyheter"],"inLanguage":"en-GB"},{"@type":"WebPage","@id":"https:\/\/mafpump.se\/maf-pump-ab-etablerar-sig-i-upplands-vasby\/","url":"https:\/\/mafpump.se\/maf-pump-ab-etablerar-sig-i-upplands-vasby\/","name":"MAF Pump AB establishes itself in Upplands V\u00e4sby | MAF Pump\u00ae","isPartOf":{"@id":"https:\/\/mafpump.se\/#website"},"primaryImageOfPage":{"@id":"https:\/\/mafpump.se\/maf-pump-ab-etablerar-sig-i-upplands-vasby\/#primaryimage"},"image":{"@id":"https:\/\/mafpump.se\/maf-pump-ab-etablerar-sig-i-upplands-vasby\/#primaryimage"},"thumbnailUrl":"https:\/\/mafpump.se\/wp-content\/uploads\/2026\/01\/Utsida.jpg","datePublished":"2026-01-12T07:37:56+00:00","dateModified":"2026-02-06T07:56:00+00:00","description":"We are now located in Upplands V\u00e4sby. From here we offer local service of pumps, sales, technical support and spare parts.","breadcrumb":{"@id":"https:\/\/mafpump.se\/maf-pump-ab-etablerar-sig-i-upplands-vasby\/#breadcrumb"},"inLanguage":"en-GB","potentialAction":[{"@type":"ReadAction","target":["https:\/\/mafpump.se\/maf-pump-ab-etablerar-sig-i-upplands-vasby\/"]}]},{"@type":"ImageObject","inLanguage":"en-GB","@id":"https:\/\/mafpump.se\/maf-pump-ab-etablerar-sig-i-upplands-vasby\/#primaryimage","url":"https:\/\/mafpump.se\/wp-content\/uploads\/2026\/01\/Utsida.jpg","contentUrl":"https:\/\/mafpump.se\/wp-content\/uploads\/2026\/01\/Utsida.jpg","width":1912,"height":1996,"caption":"MAF \u00f6ppnar nya lokaler i Upplands V\u00e4sby"},{"@type":"BreadcrumbList","@id":"https:\/\/mafpump.se\/maf-pump-ab-etablerar-sig-i-upplands-vasby\/#breadcrumb","itemListElement":[{"@type":"ListItem","position":1,"name":"Hem","item":"https:\/\/mafpump.se\/"},{"@type":"ListItem","position":2,"name":"MAF Pump AB etablerar sig i Upplands V\u00e4sby"}]},{"@type":"WebSite","@id":"https:\/\/mafpump.se\/#website","url":"https:\/\/mafpump.se\/","name":"MAF Pump","description":"We are pumping Sweden forward","publisher":{"@id":"https:\/\/mafpump.se\/#organization"},"potentialAction":[{"@type":"SearchAction","target":{"@type":"EntryPoint","urlTemplate":"https:\/\/mafpump.se\/?s={search_term_string}"},"query-input":{"@type":"PropertyValueSpecification","valueRequired":true,"valueName":"search_term_string"}}],"inLanguage":"en-GB"},{"@type":"Organization","@id":"https:\/\/mafpump.se\/#organization","name":"MAF Pump","url":"https:\/\/mafpump.se\/","logo":{"@type":"ImageObject","inLanguage":"en-GB","@id":"https:\/\/mafpump.se\/#\/schema\/logo\/image\/","url":"https:\/\/mafpump.se\/wp-content\/uploads\/2019\/12\/mafpump-logo.png","contentUrl":"https:\/\/mafpump.se\/wp-content\/uploads\/2019\/12\/mafpump-logo.png","width":415,"height":251,"caption":"MAF Pump"},"image":{"@id":"https:\/\/mafpump.se\/#\/schema\/logo\/image\/"}},{"@type":"Person","@id":"https:\/\/mafpump.se\/#\/schema\/person\/292c5a69e8ad3a37a7e135458bb77221","name":"Mr Peter Ahlb\u00e4ck","image":{"@type":"ImageObject","inLanguage":"en-GB","@id":"https:\/\/secure.gravatar.com\/avatar\/b0692295becd32f89a72c961367578783fe92afc1ea53742b14b2e8a760fd930?s=96&d=mm&r=g","url":"https:\/\/secure.gravatar.com\/avatar\/b0692295becd32f89a72c961367578783fe92afc1ea53742b14b2e8a760fd930?s=96&d=mm&r=g","contentUrl":"https:\/\/secure.gravatar.com\/avatar\/b0692295becd32f89a72c961367578783fe92afc1ea53742b14b2e8a760fd930?s=96&d=mm&r=g","caption":"Peter Ahlb\u00e4ck"}}]}},"_links":{"self":[{"href":"https:\/\/mafpump.se\/en\/wp-json\/wp\/v2\/posts\/4399","targetHints":{"allow":["GET"]}}],"collection":[{"href":"https:\/\/mafpump.se\/en\/wp-json\/wp\/v2\/posts"}],"about":[{"href":"https:\/\/mafpump.se\/en\/wp-json\/wp\/v2\/types\/post"}],"author":[{"embeddable":true,"href":"https:\/\/mafpump.se\/en\/wp-json\/wp\/v2\/users\/3"}],"replies":[{"embeddable":true,"href":"https:\/\/mafpump.se\/en\/wp-json\/wp\/v2\/comments?post=4399"}],"version-history":[{"count":1,"href":"https:\/\/mafpump.se\/en\/wp-json\/wp\/v2\/posts\/4399\/revisions"}],"predecessor-version":[{"id":4400,"href":"https:\/\/mafpump.se\/en\/wp-json\/wp\/v2\/posts\/4399\/revisions\/4400"}],"wp:featuredmedia":[{"embeddable":true,"href":"https:\/\/mafpump.se\/en\/wp-json\/wp\/v2\/media\/4398"}],"wp:attachment":[{"href":"https:\/\/mafpump.se\/en\/wp-json\/wp\/v2\/media?parent=4399"}],"wp:term":[{"taxonomy":"category","embeddable":true,"href":"https:\/\/mafpump.se\/en\/wp-json\/wp\/v2\/categories?post=4399"},{"taxonomy":"post_tag","embeddable":true,"href":"https:\/\/mafpump.se\/en\/wp-json\/wp\/v2\/tags?post=4399"}],"curies":[{"name":"wp","href":"https:\/\/api.w.org\/{rel}","templated":true}]}}